{"id":12569,"date":"2026-04-30T09:27:19","date_gmt":"2026-04-30T09:27:19","guid":{"rendered":"https:\/\/blog.sopenabadajoz.org\/?p=12569"},"modified":"2026-04-30T09:27:19","modified_gmt":"2026-04-30T09:27:19","slug":"primera-comunion-3","status":"publish","type":"post","link":"https:\/\/blog.sopenabadajoz.org\/?p=12569","title":{"rendered":"PRIMERA COMUNI\u00d3N"},"content":{"rendered":"<p>Felicidades al grupo de 4\u2070 de Primaria que ayer celebr\u00f3 su Primera Comuni\u00f3n en la Parroquia San Juan Mac\u00edas.<\/p>\n<p>Un paso m\u00e1s en su crecimiento en la Fe para seguir descubriendo a Jes\u00fas. Queremos dar las gacias al Coro Sope\u00f1a, dirigido por Juli, que con sus voces hicieron oraci\u00f3n las canciones que interpretaron que con tanto cari\u00f1o e ilusi\u00f3n han preparado estos meses.<\/p>\n<p>Nuestro agradecimiento m\u00e1s sincero a D. Manuel Alegr\u00eda por oficiar esta celebraci\u00f3n y permitirnos un a\u00f1o m\u00e1s compartir con la Comunidad este d\u00eda. Agradecemos la dedicaci\u00f3n, tiempo, entrega y acompa\u00f1amiento a Carmen como catequista y Lourdes como coordinadora de Pastoral.<\/p>\n<p>Esperamos y deseamos que hay\u00e1is disfrutado de este d\u00eda y sig\u00e1is conociendo a Jes\u00fas en su Mensaje de amor y fraternidad<\/p>\n<p><a href=\"https:\/\/mlkdgapmr94j.i.optimole.com\/cb:8rV_.f19\/w:auto\/h:auto\/q:mauto\/ig:avif\/https:\/\/blog.sopenabadajoz.org\/wp-content\/uploads\/2026\/04\/658288757_18149383957476907_6194819345416938262_n.jpg\"><img data-opt-id=460333496  fetchpriority=\"high\" decoding=\"async\" class=\"alignleft size-full wp-image-12570\" src=\"https:\/\/mlkdgapmr94j.i.optimole.com\/cb:8rV_.f19\/w:auto\/h:auto\/q:mauto\/ig:avif\/https:\/\/blog.sopenabadajoz.org\/wp-content\/uploads\/2026\/04\/658288757_18149383957476907_6194819345416938262_n.jpg\" alt=\"\" width=\"1440\" height=\"1080\" srcset=\"https:\/\/mlkdgapmr94j.i.optimole.com\/cb:8rV_.f19\/w:1440\/h:1080\/q:mauto\/ig:avif\/https:\/\/blog.sopenabadajoz.org\/wp-content\/uploads\/2026\/04\/658288757_18149383957476907_6194819345416938262_n.jpg 1440w, https:\/\/mlkdgapmr94j.i.optimole.com\/cb:8rV_.f19\/w:300\/h:225\/q:mauto\/ig:avif\/https:\/\/blog.sopenabadajoz.org\/wp-content\/uploads\/2026\/04\/658288757_18149383957476907_6194819345416938262_n.jpg 300w, https:\/\/mlkdgapmr94j.i.optimole.com\/cb:8rV_.f19\/w:1024\/h:768\/q:mauto\/ig:avif\/https:\/\/blog.sopenabadajoz.org\/wp-content\/uploads\/2026\/04\/658288757_18149383957476907_6194819345416938262_n.jpg 1024w, https:\/\/mlkdgapmr94j.i.optimole.com\/cb:8rV_.f19\/w:768\/h:576\/q:mauto\/ig:avif\/https:\/\/blog.sopenabadajoz.org\/wp-content\/uploads\/2026\/04\/658288757_18149383957476907_6194819345416938262_n.jpg 768w, https:\/\/mlkdgapmr94j.i.optimole.com\/cb:8rV_.f19\/w:1320\/h:990\/q:mauto\/ig:avif\/https:\/\/blog.sopenabadajoz.org\/wp-content\/uploads\/2026\/04\/658288757_18149383957476907_6194819345416938262_n.jpg 1320w\" sizes=\"(max-width: 800px) 100vw, 800px\" \/><\/a><\/p>\n","protected":false},"excerpt":{"rendered":"<p>Felicidades al grupo de 4\u2070 de Primaria que ayer celebr\u00f3 su Primera Comuni\u00f3n en la Parroquia San Juan Mac\u00edas. Un paso m\u00e1s en su crecimiento en la Fe para seguir descubriendo a Jes\u00fas. Queremos dar las gacias al Coro Sope\u00f1a, dirigido por Juli, que con sus voces hicieron oraci\u00f3n las canciones que interpretaron que con [&hellip;]<\/p>\n","protected":false},"author":2,"featured_media":12570,"comment_status":"closed","ping_status":"closed","sticky":false,"template":"","format":"standard","meta":{"rop_custom_images_group":[],"rop_custom_messages_group":[],"rop_publish_now":"initial","rop_publish_now_accounts":[],"rop_publish_now_history":[],"rop_publish_now_status":"pending","footnotes":""},"categories":[16],"tags":[],"class_list":["post-12569","post","type-post","status-publish","format-standard","has-post-thumbnail","hentry","category-ep-2"],"_links":{"self":[{"href":"https:\/\/blog.sopenabadajoz.org\/index.php?rest_route=\/wp\/v2\/posts\/12569","targetHints":{"allow":["GET"]}}],"collection":[{"href":"https:\/\/blog.sopenabadajoz.org\/index.php?rest_route=\/wp\/v2\/posts"}],"about":[{"href":"https:\/\/blog.sopenabadajoz.org\/index.php?rest_route=\/wp\/v2\/types\/post"}],"author":[{"embeddable":true,"href":"https:\/\/blog.sopenabadajoz.org\/index.php?rest_route=\/wp\/v2\/users\/2"}],"replies":[{"embeddable":true,"href":"https:\/\/blog.sopenabadajoz.org\/index.php?rest_route=%2Fwp%2Fv2%2Fcomments&post=12569"}],"version-history":[{"count":1,"href":"https:\/\/blog.sopenabadajoz.org\/index.php?rest_route=\/wp\/v2\/posts\/12569\/revisions"}],"predecessor-version":[{"id":12571,"href":"https:\/\/blog.sopenabadajoz.org\/index.php?rest_route=\/wp\/v2\/posts\/12569\/revisions\/12571"}],"wp:featuredmedia":[{"embeddable":true,"href":"https:\/\/blog.sopenabadajoz.org\/index.php?rest_route=\/wp\/v2\/media\/12570"}],"wp:attachment":[{"href":"https:\/\/blog.sopenabadajoz.org\/index.php?rest_route=%2Fwp%2Fv2%2Fmedia&parent=12569"}],"wp:term":[{"taxonomy":"category","embeddable":true,"href":"https:\/\/blog.sopenabadajoz.org\/index.php?rest_route=%2Fwp%2Fv2%2Fcategories&post=12569"},{"taxonomy":"post_tag","embeddable":true,"href":"https:\/\/blog.sopenabadajoz.org\/index.php?rest_route=%2Fwp%2Fv2%2Ftags&post=12569"}],"curies":[{"name":"wp","href":"https:\/\/api.w.org\/{rel}","templated":true}]}}