{"id":1503,"date":"2019-04-12T07:53:47","date_gmt":"2019-04-12T07:53:47","guid":{"rendered":"http:\/\/blog.sopenabadajoz.org\/?p=1503"},"modified":"2019-04-12T07:53:47","modified_gmt":"2019-04-12T07:53:47","slug":"conocemos-los-pasos-de-semana-santa","status":"publish","type":"post","link":"https:\/\/blog.sopenabadajoz.org\/?p=1503","title":{"rendered":"Conocemos los pasos de Semana Santa"},"content":{"rendered":"<p>Desde Sope\u00f1a Badajoz apostamos por las tradiciones culturales. Por eso cada a\u00f1o por Semana Santa no puede faltar en el colegio nuestra tradicional procesi\u00f3n de Semana Santa, en la que a\u00f1o tras a\u00f1o y con el esfuerzo de toda la comunidad educativa vamos mejorando y ampliando poco a poco.<\/p>\n<p>Vamos a entrar en Semana Santa y los alumnos de 2\u00ba de Educaci\u00f3n Infantil \u00a0van conociendo las tradiciones de su ciudad y los distintos pasos que van a ver en las calles de Badajoz.<\/p>\n<p><img fetchpriority=\"high\" decoding=\"async\" class=\"size-medium wp-image-1504 aligncenter\" src=\"https:\/\/blog.sopenabadajoz.org\/wp-content\/uploads\/2019\/04\/IMG_20190411_094217-300x225.jpg\" alt=\"\" width=\"300\" height=\"225\" srcset=\"https:\/\/blog.sopenabadajoz.org\/wp-content\/uploads\/2019\/04\/IMG_20190411_094217-300x225.jpg 300w, https:\/\/blog.sopenabadajoz.org\/wp-content\/uploads\/2019\/04\/IMG_20190411_094217-768x576.jpg 768w, https:\/\/blog.sopenabadajoz.org\/wp-content\/uploads\/2019\/04\/IMG_20190411_094217-1024x768.jpg 1024w, https:\/\/blog.sopenabadajoz.org\/wp-content\/uploads\/2019\/04\/IMG_20190411_094217-250x188.jpg 250w, https:\/\/blog.sopenabadajoz.org\/wp-content\/uploads\/2019\/04\/IMG_20190411_094217.jpg 1600w\" sizes=\"(max-width: 300px) 100vw, 300px\" \/> <img decoding=\"async\" class=\"alignnone wp-image-1505\" src=\"https:\/\/blog.sopenabadajoz.org\/wp-content\/uploads\/2019\/04\/IMG_20190411_094329-300x225.jpg\" alt=\"\" width=\"271\" height=\"203\" srcset=\"https:\/\/blog.sopenabadajoz.org\/wp-content\/uploads\/2019\/04\/IMG_20190411_094329-300x225.jpg 300w, https:\/\/blog.sopenabadajoz.org\/wp-content\/uploads\/2019\/04\/IMG_20190411_094329-768x576.jpg 768w, https:\/\/blog.sopenabadajoz.org\/wp-content\/uploads\/2019\/04\/IMG_20190411_094329-1024x768.jpg 1024w, https:\/\/blog.sopenabadajoz.org\/wp-content\/uploads\/2019\/04\/IMG_20190411_094329-250x188.jpg 250w, https:\/\/blog.sopenabadajoz.org\/wp-content\/uploads\/2019\/04\/IMG_20190411_094329.jpg 1600w\" sizes=\"(max-width: 271px) 100vw, 271px\" \/> <img decoding=\"async\" class=\"alignnone wp-image-1506\" src=\"https:\/\/blog.sopenabadajoz.org\/wp-content\/uploads\/2019\/04\/IMG_20190411_094344-300x225.jpg\" alt=\"\" width=\"272\" height=\"204\" srcset=\"https:\/\/blog.sopenabadajoz.org\/wp-content\/uploads\/2019\/04\/IMG_20190411_094344-300x225.jpg 300w, https:\/\/blog.sopenabadajoz.org\/wp-content\/uploads\/2019\/04\/IMG_20190411_094344-768x576.jpg 768w, https:\/\/blog.sopenabadajoz.org\/wp-content\/uploads\/2019\/04\/IMG_20190411_094344-1024x768.jpg 1024w, https:\/\/blog.sopenabadajoz.org\/wp-content\/uploads\/2019\/04\/IMG_20190411_094344-250x188.jpg 250w, https:\/\/blog.sopenabadajoz.org\/wp-content\/uploads\/2019\/04\/IMG_20190411_094344.jpg 1600w\" sizes=\"(max-width: 272px) 100vw, 272px\" \/><\/p>\n","protected":false},"excerpt":{"rendered":"<p>Desde Sope\u00f1a Badajoz apostamos por las tradiciones culturales. Por eso cada a\u00f1o por Semana Santa no puede faltar en el colegio nuestra tradicional procesi\u00f3n de Semana Santa, en la que a\u00f1o tras a\u00f1o y con el esfuerzo de toda la comunidad educativa vamos mejorando y ampliando poco a poco. Vamos a entrar en Semana Santa [&hellip;]<\/p>\n","protected":false},"author":7,"featured_media":1505,"comment_status":"closed","ping_status":"closed","sticky":false,"template":"","format":"standard","meta":{"rop_custom_images_group":[],"rop_custom_messages_group":[],"rop_publish_now":"initial","rop_publish_now_accounts":[],"rop_publish_now_history":[],"rop_publish_now_status":"pending","footnotes":""},"categories":[1],"tags":[],"class_list":["post-1503","post","type-post","status-publish","format-standard","has-post-thumbnail","hentry","category-ei"],"_links":{"self":[{"href":"https:\/\/blog.sopenabadajoz.org\/index.php?rest_route=\/wp\/v2\/posts\/1503","targetHints":{"allow":["GET"]}}],"collection":[{"href":"https:\/\/blog.sopenabadajoz.org\/index.php?rest_route=\/wp\/v2\/posts"}],"about":[{"href":"https:\/\/blog.sopenabadajoz.org\/index.php?rest_route=\/wp\/v2\/types\/post"}],"author":[{"embeddable":true,"href":"https:\/\/blog.sopenabadajoz.org\/index.php?rest_route=\/wp\/v2\/users\/7"}],"replies":[{"embeddable":true,"href":"https:\/\/blog.sopenabadajoz.org\/index.php?rest_route=%2Fwp%2Fv2%2Fcomments&post=1503"}],"version-history":[{"count":1,"href":"https:\/\/blog.sopenabadajoz.org\/index.php?rest_route=\/wp\/v2\/posts\/1503\/revisions"}],"predecessor-version":[{"id":1507,"href":"https:\/\/blog.sopenabadajoz.org\/index.php?rest_route=\/wp\/v2\/posts\/1503\/revisions\/1507"}],"wp:featuredmedia":[{"embeddable":true,"href":"https:\/\/blog.sopenabadajoz.org\/index.php?rest_route=\/wp\/v2\/media\/1505"}],"wp:attachment":[{"href":"https:\/\/blog.sopenabadajoz.org\/index.php?rest_route=%2Fwp%2Fv2%2Fmedia&parent=1503"}],"wp:term":[{"taxonomy":"category","embeddable":true,"href":"https:\/\/blog.sopenabadajoz.org\/index.php?rest_route=%2Fwp%2Fv2%2Fcategories&post=1503"},{"taxonomy":"post_tag","embeddable":true,"href":"https:\/\/blog.sopenabadajoz.org\/index.php?rest_route=%2Fwp%2Fv2%2Ftags&post=1503"}],"curies":[{"name":"wp","href":"https:\/\/api.w.org\/{rel}","templated":true}]}}